{"id":481,"date":"2017-12-04T17:35:46","date_gmt":"2017-12-04T16:35:46","guid":{"rendered":"http:\/\/localhost:8080\/Wordpress\/Schorsologie\/?p=481"},"modified":"2024-07-22T10:52:00","modified_gmt":"2024-07-22T08:52:00","slug":"news","status":"publish","type":"post","link":"https:\/\/www.joergbehr.de\/?p=481","title":{"rendered":"NEWS"},"content":{"rendered":"<h2><a href=\"https:\/\/www.joergbehr.de\/?p=2457\">Sebastian Schwab: HOLLE! an der Deutschen Oper am Rhein<\/a><\/h2>\n<h2><a href=\"https:\/\/www.joergbehr.de\/?p=2407\">Kino am Dreh-Ort: SIEBEN LETZTE WORTE am Karfreitag in St. Josef, Stuttgart<\/a><\/h2>\n<h2><a href=\"https:\/\/www.joergbehr.de\/?p=2387\">ORFEO-Projekt an der HfMDK Frankfurt<\/a><\/h2>\n<h2><a href=\"https:\/\/www.joergbehr.de\/?p=1387\">Wiederaufnahme GOLD am JOiN der Staatsoper Stuttgart<\/a><\/h2>\n<h2><a href=\"https:\/\/www.joergbehr.de\/?page_id=2318\">SIEBEN LETZTE WORTE &#8211; Musiktheater-Videos<\/a><\/h2>\n<h2><a href=\"https:\/\/www.joergbehr.de\/?p=2040\">PODCAST (Folgen 1 bis 5) zu DAS BLAMIERSPIEL &#8211; DAS SPIEL MIT DER SKANDALISIERUNG<\/a><\/h2>\n<h2><a href=\"https:\/\/www.joergbehr.de\/?p=1949\">Projekt: ANGST &#8211; IM BANN DES W\u00dcRGEENGELS an der HfMDK Frankfurt<\/a><\/h2>\n<h2><a href=\"https:\/\/www.joergbehr.de\/?p=1840\">GOLD war im Netz anzusehen<\/a><\/h2>\n<h2><a href=\"https:\/\/www.joergbehr.de\/?p=1801\">H\u00c4NSEL UND GRETEL-Projekt an der HfMDK Frankfurt<\/a><\/h2>\n<h2><a href=\"https:\/\/www.joergbehr.de\/?p=1638\">MASKENBALL am Theater Altenburg Gera<\/a><\/h2>\n<h2><a href=\"https:\/\/www.joergbehr.de\/?p=1592\">FINTA GIARDINIERA-PROJEKT an der HfMDK Frankfurt<\/a><\/h2>\n<h2><a href=\"https:\/\/www.joergbehr.de\/?p=1467\">Massenet LE PORTRAIT DE MANON in Leipzig<\/a><\/h2>\n<h2><a href=\"https:\/\/www.joergbehr.de\/?p=1456\">GOLD Gastspiel in Wien<\/a><\/h2>\n<h2>ANN\u00c4HERUNG ANS WUNDERLAND IN FREIBURG &#8211; Premiere am 4. November 2018&#8230;<\/h2>\n<h2><a href=\"https:\/\/www.joergbehr.de\/?p=1264\">ANNO SCHREIER: WUNDERLAND AM THEATER FREIBURG&#8230;<\/a><\/h2>\n<h2><a href=\"https:\/\/www.joergbehr.de\/?p=1256\">DER VETTER AUS DINGSDA <\/a><a href=\"https:\/\/www.joergbehr.de\/?p=1256\">AM LANDESTHEATER COBURG&#8230;<\/a><\/h2>\n<h2><a href=\"https:\/\/www.joergbehr.de\/?p=1244\">IMPULS WORKSHOPS ZU KRIEG &#8211; STELL DIR VOR ER W\u00c4RE HIER F\u00dcR DIE JUNGE OPER STUTTGART&#8230;<\/a><\/h2>\n<h2><a href=\"https:\/\/www.joergbehr.de\/?p=1035\">WIEDERAUFNAHME ANATEVKA AM THEATER BADEN-BADEN&#8230;<\/a><\/h2>\n<h2><a href=\"https:\/\/wp.me\/p9tc3I-g6\">SELBSTHILFEGRUPPE GIOVANNI AN DER HFMDK FRANKFURT&#8230;<\/a><\/h2>\n","protected":false},"excerpt":{"rendered":"<p>Sebastian Schwab: HOLLE! an der Deutschen Oper am Rhein Kino am Dreh-Ort: SIEBEN LETZTE WORTE am Karfreitag in St. Josef, Stuttgart ORFEO-Projekt an der HfMDK Frankfurt Wiederaufnahme GOLD am JOiN der Staatsoper Stuttgart SIEBEN LETZTE WORTE &#8211; Musiktheater-Videos PODCAST (Folgen 1 bis 5) zu DAS &hellip; <a href=\"https:\/\/www.joergbehr.de\/?p=481\" class=\"more-link\"><span>Continue reading<span class=\"screen-reader-text\">NEWS<\/span><\/span><\/a><\/p>\n","protected":false},"author":1,"featured_media":0,"comment_status":"open","ping_status":"open","sticky":false,"template":"","format":"standard","meta":{"jetpack_post_was_ever_published":false,"_jetpack_newsletter_access":"","_jetpack_dont_email_post_to_subs":false,"_jetpack_newsletter_tier_id":0,"_jetpack_memberships_contains_paywalled_content":false,"_jetpack_memberships_contains_paid_content":false,"footnotes":"","jetpack_publicize_message":"","jetpack_publicize_feature_enabled":true,"jetpack_social_post_already_shared":false,"jetpack_social_options":{"image_generator_settings":{"template":"highway","default_image_id":0,"font":"","enabled":false},"version":2}},"categories":[1],"tags":[],"class_list":["post-481","post","type-post","status-publish","format-standard","hentry","category-allgemein"],"jetpack_publicize_connections":[],"jetpack_featured_media_url":"","jetpack_sharing_enabled":true,"jetpack_shortlink":"https:\/\/wp.me\/s9tc3I-news","jetpack_likes_enabled":true,"jetpack-related-posts":[{"id":1949,"url":"https:\/\/www.joergbehr.de\/?p=1949","url_meta":{"origin":481,"position":0},"title":"Projekt: ANGST \u2013 IM BANN DES W\u00dcRGEENGELS an der HfMDK Frankfurt","author":"Schorse","date":"2. M\u00e4rz 2021","format":false,"excerpt":"Das Musiktheaterprojekt ANGST \u2013 IM BANN DES W\u00dcRGEENGELS hatte am 19. Februar 2021 in der HfMDK Frankfurt Premiere. Das Projekt ist inspiriert von Luis Bu\u00f1uels Film aus dem Jahr 1962 \u2013 und enth\u00e4lt Werke von Luigi Rossi, Jules Massenet, Gy\u00f6rgi Ligeti, Giuseppe Verdi, Franz Schubert und Alban Berg. Die Darsteller*innen\u2026","rel":"","context":"In &quot;Allgemein&quot;","block_context":{"text":"Allgemein","link":"https:\/\/www.joergbehr.de\/?cat=1"},"img":{"alt_text":"","src":"","width":0,"height":0},"classes":[]},{"id":998,"url":"https:\/\/www.joergbehr.de\/?p=998","url_meta":{"origin":481,"position":1},"title":"SELBSTHILFEGRUPPE GIOVANNI an der HfMDK Frankfurt","author":"Schorse","date":"23. Dezember 2017","format":false,"excerpt":"Am 3. Februar 2018 hat mein Szene-Projekt SELBSTHILFEGRUPPE GIOVANNI\u00a0Premiere: Beginn 19.30 Uhr im KLEINEN SAAL der HfMDK Frankfurt (Bockenheimer Landstr. 29, 60322 Frankfurt) . Die Musikalische Leitung hat G\u00fcnther Albers. Die B\u00fchne gestaltet Andreas Wilkens, die Kost\u00fcme Natalie Krautkr\u00e4mer. Es ist das Semesterprojekt von Studierenden der Gesangsabteilung in diesem Wintersemester.\u2026","rel":"","context":"In &quot;Allgemein&quot;","block_context":{"text":"Allgemein","link":"https:\/\/www.joergbehr.de\/?cat=1"},"img":{"alt_text":"","src":"","width":0,"height":0},"classes":[]},{"id":1801,"url":"https:\/\/www.joergbehr.de\/?p=1801","url_meta":{"origin":481,"position":2},"title":"H\u00c4NSEL UND GRETEL PROJEKT an der HfMDK Frankfurt","author":"Schorse","date":"18. Februar 2020","format":false,"excerpt":"Eine sch\u00f6ne Erfahrung war das H\u00c4NSEL UND GRETEL-Szeneprojekt unter meiner Regie mit den Studierenden der HfMDK Frankfurt - Carmen Artaza, Theresa Bub, Lea Krannich, Laura Violetta Lex, Ruoqi Sun und Alena Temiosova. Das 3. Bild aus H\u00e4nsel wurde zusammen an dem Szeneabend M\u00c4RCHEN, MUSEN und MYSTERIEN aufgef\u00fchrt, zusammen mit BOHEME-Szenen,\u2026","rel":"","context":"In &quot;Allgemein&quot;","block_context":{"text":"Allgemein","link":"https:\/\/www.joergbehr.de\/?cat=1"},"img":{"alt_text":"","src":"","width":0,"height":0},"classes":[]},{"id":1592,"url":"https:\/\/www.joergbehr.de\/?p=1592","url_meta":{"origin":481,"position":3},"title":"FINTA GIARDINIERA-PROJEKT an der HfMDK Frankfurt","author":"Schorse","date":"24. Mai 2019","format":false,"excerpt":"Das Mozart: FINTA GIARDINIERA-PROJEKT mit G\u00fcnther Albers an der HfMDK Frankfurt fand unmittelbar nach der VETTER AUS DINGSDA Premiere statt. Es war eine sch\u00f6ne, intensive Zeit mit den Studierenden und dem Team - mit einem tollen Endspurt! Standstill aus einem der gedrehten Projektvideos.","rel":"","context":"In &quot;Allgemein&quot;","block_context":{"text":"Allgemein","link":"https:\/\/www.joergbehr.de\/?cat=1"},"img":{"alt_text":"","src":"https:\/\/i0.wp.com\/www.joergbehr.de\/wp-content\/uploads\/2019\/05\/JRB_16070228.jpg?fit=1200%2C675&ssl=1&resize=350%2C200","width":350,"height":200,"srcset":"https:\/\/i0.wp.com\/www.joergbehr.de\/wp-content\/uploads\/2019\/05\/JRB_16070228.jpg?fit=1200%2C675&ssl=1&resize=350%2C200 1x, https:\/\/i0.wp.com\/www.joergbehr.de\/wp-content\/uploads\/2019\/05\/JRB_16070228.jpg?fit=1200%2C675&ssl=1&resize=525%2C300 1.5x, https:\/\/i0.wp.com\/www.joergbehr.de\/wp-content\/uploads\/2019\/05\/JRB_16070228.jpg?fit=1200%2C675&ssl=1&resize=700%2C400 2x, https:\/\/i0.wp.com\/www.joergbehr.de\/wp-content\/uploads\/2019\/05\/JRB_16070228.jpg?fit=1200%2C675&ssl=1&resize=1050%2C600 3x"},"classes":[]},{"id":2387,"url":"https:\/\/www.joergbehr.de\/?p=2387","url_meta":{"origin":481,"position":4},"title":"ORFEO-Projekt an der HfMDK Frankfurt","author":"Schorse","date":"6. Februar 2023","format":false,"excerpt":"In meiner Regiearbeit im Rahmen Szene-Abende der HfMDK Frankfurt haben wir in den Auff\u00fchrungen am 02.02. und am 03.02.2023 Glucks ORFEO Version von 1762 mit einer Szene aus Orpheus in der Unterwelt (1858) von Jaques Offenbachs erweitert. Mendelssohns Lobgesang (1840) bietet schlie\u00dflich als L\u00f6sung an, in der Demut vor dem\u2026","rel":"","context":"In &quot;Allgemein&quot;","block_context":{"text":"Allgemein","link":"https:\/\/www.joergbehr.de\/?cat=1"},"img":{"alt_text":"","src":"","width":0,"height":0},"classes":[]},{"id":2407,"url":"https:\/\/www.joergbehr.de\/?p=2407","url_meta":{"origin":481,"position":5},"title":"&#8222;Kino am Dreh-Ort&#8220;: SIEBEN LETZTE WORTE am Karfreitag in St. Josef Stuttgart-Heslach","author":"Schorse","date":"30. M\u00e4rz 2023","format":false,"excerpt":"Am Karfreitag, an dem die sieben letzte Worte Christi ganz in den Focus r\u00fccken, k\u00f6nnen wir unser Musiktheatervideo-Projekt SIEBEN LETZTE WORTE sozusagen als \u00bbKino am Drehort\u00ab in der Kirche St. Josef zeigen. Darauf freue ich mich total! Gerade schneide ich die sieben Musiktheater-Episoden mit Lisbeth Rasmussen Juel und Kristina Polly-\u0160ibenik\u2026","rel":"","context":"In &quot;Allgemein&quot;","block_context":{"text":"Allgemein","link":"https:\/\/www.joergbehr.de\/?cat=1"},"img":{"alt_text":"","src":"https:\/\/i0.wp.com\/www.joergbehr.de\/wp-content\/uploads\/2023\/03\/Sieben_letzte_Worte-Plakat_07042023_korrigiert.jpg?resize=350%2C200&ssl=1","width":350,"height":200,"srcset":"https:\/\/i0.wp.com\/www.joergbehr.de\/wp-content\/uploads\/2023\/03\/Sieben_letzte_Worte-Plakat_07042023_korrigiert.jpg?resize=350%2C200&ssl=1 1x, https:\/\/i0.wp.com\/www.joergbehr.de\/wp-content\/uploads\/2023\/03\/Sieben_letzte_Worte-Plakat_07042023_korrigiert.jpg?resize=525%2C300&ssl=1 1.5x"},"classes":[]}],"_links":{"self":[{"href":"https:\/\/www.joergbehr.de\/index.php?rest_route=\/wp\/v2\/posts\/481","targetHints":{"allow":["GET"]}}],"collection":[{"href":"https:\/\/www.joergbehr.de\/index.php?rest_route=\/wp\/v2\/posts"}],"about":[{"href":"https:\/\/www.joergbehr.de\/index.php?rest_route=\/wp\/v2\/types\/post"}],"author":[{"embeddable":true,"href":"https:\/\/www.joergbehr.de\/index.php?rest_route=\/wp\/v2\/users\/1"}],"replies":[{"embeddable":true,"href":"https:\/\/www.joergbehr.de\/index.php?rest_route=%2Fwp%2Fv2%2Fcomments&post=481"}],"version-history":[{"count":39,"href":"https:\/\/www.joergbehr.de\/index.php?rest_route=\/wp\/v2\/posts\/481\/revisions"}],"predecessor-version":[{"id":2464,"href":"https:\/\/www.joergbehr.de\/index.php?rest_route=\/wp\/v2\/posts\/481\/revisions\/2464"}],"wp:attachment":[{"href":"https:\/\/www.joergbehr.de\/index.php?rest_route=%2Fwp%2Fv2%2Fmedia&parent=481"}],"wp:term":[{"taxonomy":"category","embeddable":true,"href":"https:\/\/www.joergbehr.de\/index.php?rest_route=%2Fwp%2Fv2%2Fcategories&post=481"},{"taxonomy":"post_tag","embeddable":true,"href":"https:\/\/www.joergbehr.de\/index.php?rest_route=%2Fwp%2Fv2%2Ftags&post=481"}],"curies":[{"name":"wp","href":"https:\/\/api.w.org\/{rel}","templated":true}]}}